{"id":5662,"date":"2014-03-14T17:09:10","date_gmt":"2014-03-14T17:09:10","guid":{"rendered":"http:\/\/eazycityblog.com\/?p=5662"},"modified":"2014-03-14T17:35:08","modified_gmt":"2014-03-14T17:35:08","slug":"celebrate-san-patrizio-2014-nelle-nostre-eazycities","status":"publish","type":"post","link":"https:\/\/www.eazycityblog.com\/it\/celebrate-san-patrizio-2014-nelle-nostre-eazycities\/","title":{"rendered":"Celebrate San Patrizio 2014 nelle nostre &#8220;EazyCities&#8221;"},"content":{"rendered":"<p><img loading=\"lazy\" decoding=\"async\" alt=\"StPatricksdayCrowdsAtRoadside2012PA_large\" src=\"http:\/\/eazycityblog.com\/wp-content\/uploads\/2014\/03\/StPatricksdayCrowdsAtRoadside2012PA_large.jpg\" width=\"600\" height=\"300\" \/><\/p>\n<p>San Patrizio \u00e8 il giorno pi\u00f9 atteso dell&#8217;anno qui in Irlanda e i festeggiamenti si susseguono su tutta l&#8217;isola.<br \/>\nMusica irlandese, danze, parate e ovviamente fiumi di birra: questi sono gli ingredienti per un perfetto weekend di San Patrizio<\/p>\n<p><strong>Le Parate <\/strong>sono tradizionali a Dublino, Cork e Galway e sono il modo migliore per festeggiare il giorno pi\u00f9 verde dell&#8217;anno.<strong> <\/strong><\/p>\n<p>A <strong>Dublino<\/strong>, ci saranno molti eventi in tutta la citta. Il programma \u00e8 molto ricco e si pu\u00f2 scaricare l&#8217;app ufficiale.<br \/>\nLa citt\u00e0 ha un programma di tre anni con tematica &#8220;Passato, Presente e Futuro&#8221; e nel 2014 il tema sar\u00e0 &#8220;Facciamo la Storia&#8221;.<br \/>\nPasserete il weekend nella capitale? La Parata di luned\u00ec inizia alle 12.<br \/>\n<a href=\"http:\/\/www.stpatricksfestival.ie\/events\" target=\"_blank\">Ecco il sito ufficiale del Festival di Dublino<\/a><\/p>\n<p>A <strong>Cork<\/strong> la festa inizia venerd\u00ec, con musica irlandese e artisti di strada in tutto il centro. Sabato il Cork Food Policy Council organizza &#8220;Feed the City&#8221;, preparando pi\u00f9 di 5000 piatti di curry vegetariano.<br \/>\nLa Parata nella citt\u00e0 ribelle inizia luned\u00ec all&#8217; 1.<br \/>\n<a href=\"http:\/\/www.corkstpatricksfestival.ie\/\" target=\"_blank\">Ecco il sito ufficiale del Festival di Cork<\/a><\/p>\n<p>Quest&#8217;anno <strong>Galway<\/strong> celebra il 111esimo anniversario della Parata. Il tema di questa edizione \u00e8 &#8220;Il Mare&#8221; e il legame prefondo che ha con la citt\u00e0. Durante il weekend verr\u00e0 girato un video da Kamil Krolak, l&#8217;artista che ha filmato \u201c<a href=\"http:\/\/www.youtube.com\/watch?v=p6ygbAv9HWc\" target=\"_blank\">Galway\u2019s also happy<\/a>\u201d.<br \/>\nSe volete festeggiare San Patrizio in queste strade medievali, fate attenzione che la Parata inizia alle 11.30.<br \/>\n<a href=\"http:\/\/stpatricksfestivalgalway.com\/events.html\" target=\"_blank\">Ecco il sito ufficiale del festival di Galway<\/a><\/p>\n<p>Ricordate, a San Patrizio siamo tutti irlandesi!<br \/>\n<script type=\"text\/javascript\">\/\/ <![CDATA[\ngoogle_ad_client = \"ca-pub-0372116437029619\"; \/* Travels *\/ google_ad_slot = \"8331400297\"; google_ad_width = 200; google_ad_height = 200;\n\/\/ ]]><\/script><\/p>\n<p><script type=\"text\/javascript\" src=\"http:\/\/pagead2.googlesyndication.com\/pagead\/show_ads.js\">\/\/ <![CDATA[\n\n\n\/\/ ]]><\/script><\/p>\n","protected":false},"excerpt":{"rendered":"<p>San Patrizio \u00e8 il giorno pi\u00f9 atteso dell&#8217;anno qui in Irlanda e i festeggiamenti si susseguono su tutta l&#8217;isola. Musica irlandese, danze, parate e ovviamente fiumi di birra: questi sono&hellip;<\/p>\n","protected":false},"author":1,"featured_media":5658,"comment_status":"open","ping_status":"open","sticky":false,"template":"","format":"standard","meta":{"footnotes":""},"categories":[2460],"tags":[2649,2650,2653,2659,2661,2668,2669,2667],"yst_prominent_words":[],"class_list":["post-5662","post","type-post","status-publish","format-standard","has-post-thumbnail","hentry","category-news-eazycity","tag-cork-it","tag-dublino","tag-ezmoments-it","tag-irlanda-it","tag-londra","tag-regno-unito","tag-stati-uniti","tag-viaggi"],"_links":{"self":[{"href":"https:\/\/www.eazycityblog.com\/it\/wp-json\/wp\/v2\/posts\/5662","targetHints":{"allow":["GET"]}}],"collection":[{"href":"https:\/\/www.eazycityblog.com\/it\/wp-json\/wp\/v2\/posts"}],"about":[{"href":"https:\/\/www.eazycityblog.com\/it\/wp-json\/wp\/v2\/types\/post"}],"author":[{"embeddable":true,"href":"https:\/\/www.eazycityblog.com\/it\/wp-json\/wp\/v2\/users\/1"}],"replies":[{"embeddable":true,"href":"https:\/\/www.eazycityblog.com\/it\/wp-json\/wp\/v2\/comments?post=5662"}],"version-history":[{"count":5,"href":"https:\/\/www.eazycityblog.com\/it\/wp-json\/wp\/v2\/posts\/5662\/revisions"}],"predecessor-version":[{"id":5670,"href":"https:\/\/www.eazycityblog.com\/it\/wp-json\/wp\/v2\/posts\/5662\/revisions\/5670"}],"wp:featuredmedia":[{"embeddable":true,"href":"https:\/\/www.eazycityblog.com\/it\/wp-json\/wp\/v2\/media\/5658"}],"wp:attachment":[{"href":"https:\/\/www.eazycityblog.com\/it\/wp-json\/wp\/v2\/media?parent=5662"}],"wp:term":[{"taxonomy":"category","embeddable":true,"href":"https:\/\/www.eazycityblog.com\/it\/wp-json\/wp\/v2\/categories?post=5662"},{"taxonomy":"post_tag","embeddable":true,"href":"https:\/\/www.eazycityblog.com\/it\/wp-json\/wp\/v2\/tags?post=5662"},{"taxonomy":"yst_prominent_words","embeddable":true,"href":"https:\/\/www.eazycityblog.com\/it\/wp-json\/wp\/v2\/yst_prominent_words?post=5662"}],"curies":[{"name":"wp","href":"https:\/\/api.w.org\/{rel}","templated":true}]}}