{"id":32096,"date":"2018-06-12T13:46:59","date_gmt":"2018-06-12T13:46:59","guid":{"rendered":"http:\/\/eazycityblog.com\/?p=32096"},"modified":"2018-06-12T13:47:45","modified_gmt":"2018-06-12T13:47:45","slug":"le-feste-della-comunita-valenciana","status":"publish","type":"post","link":"https:\/\/www.eazycityblog.com\/it\/le-feste-della-comunita-valenciana\/","title":{"rendered":"Feste imperdibili nella Comunit\u00e0 Valenciana"},"content":{"rendered":"<p>Una delle prime cose che ho realizzato non appena mi sono trasferita a <a href=\"http:\/\/goabroad.eazycity.com\/catalog\/category\/view\/s\/spain\/id\/100\/\">Gandia<\/a> \u00e8 stata quanto a tutta la popolazione valenciana piacciano le feste. Giovani, adulti, bambini ed anziani adorano indossare i diversi vestiti tradizionali dei vari festeggiamenti e sfilare per le vie della citt\u00e0 tra musica, petardi, fuochi d\u2019artificio, buon cibo e fiumi di alcool. Possiamo trovare feste antiche, religiose e solenni ma anche feste profane, vivaci e chiassose. Considerando le diverse citt\u00e0, nella Comunit\u00e0 Valenciana si tengono pi\u00f9 di cinquanta festeggiamenti all&#8217;anno, ma questi sono i principali che non puoi assolutamente perderti:<\/p>\n<h3><img loading=\"lazy\" decoding=\"async\" class=\"aligncenter wp-image-32122\" src=\"http:\/\/eazycityblog.com\/wp-content\/uploads\/2018\/06\/20180318_152843-300x180.jpg\" alt=\"\" width=\"500\" height=\"301\" srcset=\"https:\/\/www.eazycityblog.com\/wp-content\/uploads\/2018\/06\/20180318_152843-300x180.jpg 300w, https:\/\/www.eazycityblog.com\/wp-content\/uploads\/2018\/06\/20180318_152843-768x461.jpg 768w, https:\/\/www.eazycityblog.com\/wp-content\/uploads\/2018\/06\/20180318_152843-1024x614.jpg 1024w, https:\/\/www.eazycityblog.com\/wp-content\/uploads\/2018\/06\/20180318_152843-1170x702.jpg 1170w, https:\/\/www.eazycityblog.com\/wp-content\/uploads\/2018\/06\/20180318_152843-585x351.jpg 585w\" sizes=\"auto, (max-width: 500px) 100vw, 500px\" \/><\/h3>\n<h3>Las Fallas<\/h3>\n<p>Si tratta della festa pi\u00f9 importante di Valencia che celebra l\u2019inizio della primavera. In tutti i quartieri e distretti di Valencia e delle altre citt\u00e0 della Comunit\u00e0 Valenciana vengono collocate enormi strutture artistiche di legno e cartapesta composte da pupazzi (<em>ninots<\/em>) che criticano e ironizzano sulle questioni della vita. Tra sfilate con abiti storici e spettacoli pirotecnici (<em>mascelt\u00e1<\/em>), i festeggiamenti raggiungono il culmine la notte del 19 marzo quando tutte le <em>fallas<\/em> vengono bruciate in suggestivi fal\u00f2 (<em>crem\u00e1<\/em>).<\/p>\n<h3>Mori e Cristiani<\/h3>\n<p>\u00c8 una festa molto antica che commemora le battaglie medievali per il controllo della <a href=\"http:\/\/goabroad.eazycity.com\/\">Spagna.<\/a> Viene celebrata soprattutto nella provincia di Alicante e a sud di quella di Valencia, i festeggiamenti pi\u00f9 sfarzosi e tradizionali si tengono ad Alcoy e Villajoyosa. Ogni citt\u00e0 la festeggia in modo particolate nel giorno del proprio santo protettore, che si ritiene abbia favorito la vittoria delle truppe cristiane. Solitamente la festa inizia con le parate a tempo di musica delle due opposte fazioni, prosegue con le cerimonie in onore del santo patrono e culmina nella rievocazione della battaglia.<\/p>\n<h3><img loading=\"lazy\" decoding=\"async\" class=\"aligncenter wp-image-32106\" src=\"http:\/\/eazycityblog.com\/wp-content\/uploads\/2018\/06\/20180320_001553-300x180.jpg\" alt=\"\" width=\"500\" height=\"300\" srcset=\"https:\/\/www.eazycityblog.com\/wp-content\/uploads\/2018\/06\/20180320_001553-300x180.jpg 300w, https:\/\/www.eazycityblog.com\/wp-content\/uploads\/2018\/06\/20180320_001553-768x461.jpg 768w, https:\/\/www.eazycityblog.com\/wp-content\/uploads\/2018\/06\/20180320_001553-1024x614.jpg 1024w, https:\/\/www.eazycityblog.com\/wp-content\/uploads\/2018\/06\/20180320_001553-1170x702.jpg 1170w, https:\/\/www.eazycityblog.com\/wp-content\/uploads\/2018\/06\/20180320_001553-585x351.jpg 585w\" sizes=\"auto, (max-width: 500px) 100vw, 500px\" \/><\/h3>\n<h3>Las Hogueras di San Juan<\/h3>\n<p>La notte tra il 23 e il 24 giugno si festeggia in tutta la Spagna, in particolare nella costa mediterranea, il solstizio d\u2019estate. In molte citt\u00e0 della Comunit\u00e0 Valenciana vengono organizzati fal\u00f2 in spiaggia dove la gente si ritrova a ballare e festeggiare fino al mattino. Ad Alicante questa manifestazione ha il suo centro nevralgico, qui vengono costruiti dei <em>ninots<\/em> che criticano personaggi della vita pubblica e ricordano quelli de <em>Las Fallas<\/em>. Questi vengono bruciati la notte del 24 giugno durante la <em>crem\u00e1<\/em>. A questa notte magica sono inoltre associati dei riti da compiere per veder realizzato un proprio desiderio come saltare sette volte uno dei fal\u00f2 o fare il bagno a mezzanotte e saltare sette onde.<\/p>\n<h3>La Tomatina di Bu\u00f1ol<\/h3>\n<p>Si tratta di un festa che si svolge l\u2019ultimo mercoled\u00ec di Agosto a Bu\u00f1ol e consiste in una battaglia di pomodori maturi tra tutti i partecipanti. Ha origine nel 1945 quando durante una parata si cre\u00f2 una rissa in cui vennero usati i pomodori come arma.<\/p>\n<h3><img loading=\"lazy\" decoding=\"async\" class=\"aligncenter wp-image-32110\" src=\"http:\/\/eazycityblog.com\/wp-content\/uploads\/2018\/06\/20180320_011808-e1528381394221-180x300.jpg\" alt=\"\" width=\"323\" height=\"538\" srcset=\"https:\/\/www.eazycityblog.com\/wp-content\/uploads\/2018\/06\/20180320_011808-e1528381394221-180x300.jpg 180w, https:\/\/www.eazycityblog.com\/wp-content\/uploads\/2018\/06\/20180320_011808-e1528381394221-768x1280.jpg 768w, https:\/\/www.eazycityblog.com\/wp-content\/uploads\/2018\/06\/20180320_011808-e1528381394221-614x1024.jpg 614w, https:\/\/www.eazycityblog.com\/wp-content\/uploads\/2018\/06\/20180320_011808-e1528381394221-1170x1950.jpg 1170w, https:\/\/www.eazycityblog.com\/wp-content\/uploads\/2018\/06\/20180320_011808-e1528381394221-585x975.jpg 585w, https:\/\/www.eazycityblog.com\/wp-content\/uploads\/2018\/06\/20180320_011808-e1528381394221.jpg 1536w\" sizes=\"auto, (max-width: 323px) 100vw, 323px\" \/>Il Correfoc<\/h3>\n<p>\u00c8 una festa popolare valenciana che si svolge a Marzo. I partecipanti, perlopi\u00f9 vestiti da demoni e animali del fuoco come dragoni e aquile, sfilano tra le strade della citt\u00e0 al ritmo di tamburi tra esibizioni scenografiche, fuochi d\u2019artificio e petardi.<\/p>\n<p>Oltre a queste feste se ne possono trovare tante altre, alcune tipiche di una sola citt\u00e0 come la <strong>Magdalena<\/strong> di Castell\u00f3n de la Plana, oppure diffuse in passato ma rimaste tipiche di una sola citt\u00e0 come la <strong>Muixeranga<\/strong> di Algemes\u00ed, altre diffuse in tutta la Spagna come la <strong>Semana Santa<\/strong> o anche al di fuori come il <strong>Carnevale<\/strong>. Qualcuno una volta mi ha detto &#8220;<em>se c\u2019\u00e8 un\u2019occasione per festeggiare, a Valencia non ce la facciamo scappare<\/em>&#8220;!<\/p>\n<p>&nbsp;<\/p>\n<p><a href=\"http:\/\/eazycity.com\"><img loading=\"lazy\" decoding=\"async\" class=\"aligncenter wp-image-30301 size-full\" src=\"http:\/\/eazycityblog.com\/wp-content\/uploads\/2018\/01\/Banner_ITA.jpg\" alt=\"\" width=\"728\" height=\"90\" \/><\/a><\/p>\n","protected":false},"excerpt":{"rendered":"<p>Una delle prime cose che ho realizzato non appena mi sono trasferita a Gandia \u00e8 stata quanto a tutta la popolazione valenciana piacciano le feste. Giovani, adulti, bambini ed anziani&hellip;<\/p>\n","protected":false},"author":90,"featured_media":32097,"comment_status":"open","ping_status":"open","sticky":false,"template":"","format":"standard","meta":{"footnotes":""},"categories":[2441],"tags":[7638,7179,2963,12188],"yst_prominent_words":[3906,12179,12186,12172,12167,12187,12184,12185,12171,12177,12169,12181,3899,12175,12183,12178,12170,12166,12180,12176],"class_list":["post-32096","post","type-post","status-publish","format-standard","has-post-thumbnail","hentry","category-esperienze","tag-feste","tag-tradizioni","tag-viaggiare","tag-viviere-allestero"],"_links":{"self":[{"href":"https:\/\/www.eazycityblog.com\/it\/wp-json\/wp\/v2\/posts\/32096","targetHints":{"allow":["GET"]}}],"collection":[{"href":"https:\/\/www.eazycityblog.com\/it\/wp-json\/wp\/v2\/posts"}],"about":[{"href":"https:\/\/www.eazycityblog.com\/it\/wp-json\/wp\/v2\/types\/post"}],"author":[{"embeddable":true,"href":"https:\/\/www.eazycityblog.com\/it\/wp-json\/wp\/v2\/users\/90"}],"replies":[{"embeddable":true,"href":"https:\/\/www.eazycityblog.com\/it\/wp-json\/wp\/v2\/comments?post=32096"}],"version-history":[{"count":14,"href":"https:\/\/www.eazycityblog.com\/it\/wp-json\/wp\/v2\/posts\/32096\/revisions"}],"predecessor-version":[{"id":32198,"href":"https:\/\/www.eazycityblog.com\/it\/wp-json\/wp\/v2\/posts\/32096\/revisions\/32198"}],"wp:featuredmedia":[{"embeddable":true,"href":"https:\/\/www.eazycityblog.com\/it\/wp-json\/wp\/v2\/media\/32097"}],"wp:attachment":[{"href":"https:\/\/www.eazycityblog.com\/it\/wp-json\/wp\/v2\/media?parent=32096"}],"wp:term":[{"taxonomy":"category","embeddable":true,"href":"https:\/\/www.eazycityblog.com\/it\/wp-json\/wp\/v2\/categories?post=32096"},{"taxonomy":"post_tag","embeddable":true,"href":"https:\/\/www.eazycityblog.com\/it\/wp-json\/wp\/v2\/tags?post=32096"},{"taxonomy":"yst_prominent_words","embeddable":true,"href":"https:\/\/www.eazycityblog.com\/it\/wp-json\/wp\/v2\/yst_prominent_words?post=32096"}],"curies":[{"name":"wp","href":"https:\/\/api.w.org\/{rel}","templated":true}]}}