{"id":29760,"date":"2018-01-22T11:57:05","date_gmt":"2018-01-22T11:57:05","guid":{"rendered":"http:\/\/eazycityblog.com\/?p=29760"},"modified":"2018-02-09T15:21:15","modified_gmt":"2018-02-09T15:21:15","slug":"ecco-gli-eventi-dellanno-mese-per-mese","status":"publish","type":"post","link":"https:\/\/www.eazycityblog.com\/it\/ecco-gli-eventi-dellanno-mese-per-mese\/","title":{"rendered":"Ecco gli eventi dell\u2019anno, mese per mese"},"content":{"rendered":"<h3><\/h3>\n<p><span style=\"font-weight: 400;\">Gi\u00e0 pronte le vostre mete di <a href=\"http:\/\/www.eazycity.com\">viaggio<\/a> per quest\u2019anno? Ecco 12 suggerimenti su dove andare e cosa fare,<strong> uno per ogni mese dell\u2019anno<\/strong> e per ogni gusto. Cercate il vostro preferito e\u2026 buon divertimento!<\/span><\/p>\n<p>&nbsp;<\/p>\n<h3><b>#Gennaio<\/b><\/h3>\n<p><b>Dove:<\/b><span style=\"font-weight: 400;\"> Manchester, Regno Unito<\/span><\/p>\n<p><b>Perch\u00e9:<\/b><span style=\"font-weight: 400;\"> Beer and Cider Festival <\/span><\/p>\n<p><b>Cosa:<\/b><span style=\"font-weight: 400;\"> \u00c8 uno dei pi\u00f9 grandi festival della birra in Europa. Se ne possono degustare pi\u00f9 di 750 tipi, tutti prodotti dai birrifici della zona. Must: la bella bevuta va accompagnata con cibo da strada e gadgets in tema, in vendita sul posto.<\/span><\/p>\n<p><b>Quando:<\/b><span style=\"font-weight: 400;\"> 25-27 gennaio<\/span><\/p>\n<p><b>Quanto:<\/b><span style=\"font-weight: 400;\"> Fino a 7 sterline circa, a seconda della giornata in cui decidete di andare<\/span><\/p>\n<h3>\u00a0<a href=\"http:\/\/eazycityblog.com\/wp-content\/uploads\/2018\/01\/girare-europa-in-1-anno-dove-e-perche-gennaio.jpeg\" data-rel=\"penci-gallery-image-content\" ><img loading=\"lazy\" decoding=\"async\" class=\"alignnone size-large wp-image-29766\" src=\"http:\/\/eazycityblog.com\/wp-content\/uploads\/2018\/01\/girare-europa-in-1-anno-dove-e-perche-gennaio-1024x680.jpeg\" alt=\"\" width=\"1024\" height=\"680\" srcset=\"https:\/\/www.eazycityblog.com\/wp-content\/uploads\/2018\/01\/girare-europa-in-1-anno-dove-e-perche-gennaio-1024x680.jpeg 1024w, https:\/\/www.eazycityblog.com\/wp-content\/uploads\/2018\/01\/girare-europa-in-1-anno-dove-e-perche-gennaio-300x199.jpeg 300w, https:\/\/www.eazycityblog.com\/wp-content\/uploads\/2018\/01\/girare-europa-in-1-anno-dove-e-perche-gennaio-768x510.jpeg 768w, https:\/\/www.eazycityblog.com\/wp-content\/uploads\/2018\/01\/girare-europa-in-1-anno-dove-e-perche-gennaio-585x389.jpeg 585w, https:\/\/www.eazycityblog.com\/wp-content\/uploads\/2018\/01\/girare-europa-in-1-anno-dove-e-perche-gennaio.jpeg 1129w\" sizes=\"auto, (max-width: 1024px) 100vw, 1024px\" \/><\/a><\/h3>\n<h3><b>#Febbraio<\/b><\/h3>\n<p><b>Dove:<\/b><span style=\"font-weight: 400;\"> Locarno, Svizzera<\/span><\/p>\n<p><b>Perch\u00e9:<\/b><span style=\"font-weight: 400;\"> Stranociada <\/span><\/p>\n<p><b>Cosa:<\/b><span style=\"font-weight: 400;\"> Il Carnevale in Svizzera non ha nulla da invidiare ai suoi pi\u00f9 famosi cugini di Venezia e Rio De Jaineiro. Qui c\u2019\u00e8 il Re Pardo ad accogliere abitanti e visitatori curiosi. Sovverte i preconcetti: \u00e8 imperdibile, per chi pensa che gli svizzeri siano tutti cravatte e banche. <\/span><\/p>\n<p><b>Quando:<\/b><span style=\"font-weight: 400;\"> 9-10 febbraio<\/span><\/p>\n<p><b>Quanto: <\/b><span style=\"font-weight: 400;\">Circa 20 franchi, biglietti in prevendita<\/span><\/p>\n<p>&nbsp;<\/p>\n<h3><b>#Marzo<\/b><\/h3>\n<p><b>Dove:<\/b><span style=\"font-weight: 400;\"><a href=\"http:\/\/valencia.eazycity.com\/\"> Valencia<\/a>, Spagna<\/span><\/p>\n<p><b>Perch\u00e9:<\/b><span style=\"font-weight: 400;\"> Las Fallas <\/span><\/p>\n<p><b>Cosa:<\/b><span style=\"font-weight: 400;\"> I fuochi d\u2019artificio pi\u00f9 pazzi e potenti d\u2019Europa. La manifestazione celebra l\u2019arrivo della primavera. No a cuori delicati, attenzione a bambini e donne in gravidanza. Madornale vicinanza al fuoco. Occhio alle mani e alle scintille! <\/span><\/p>\n<p><b>Quando:<\/b><span style=\"font-weight: 400;\"> 15-19 marzo<\/span><\/p>\n<p><b>Quanto:<\/b><span style=\"font-weight: 400;\"> spettacolo gratuito<\/span><\/p>\n<p><a href=\"http:\/\/eazycityblog.com\/wp-content\/uploads\/2018\/01\/girare-europa-in-1-anno-dove-e-perche-marzo.jpeg\" data-rel=\"penci-gallery-image-content\" ><img loading=\"lazy\" decoding=\"async\" class=\"alignnone size-full wp-image-29770\" src=\"http:\/\/eazycityblog.com\/wp-content\/uploads\/2018\/01\/girare-europa-in-1-anno-dove-e-perche-marzo.jpeg\" alt=\"\" width=\"867\" height=\"650\" srcset=\"https:\/\/www.eazycityblog.com\/wp-content\/uploads\/2018\/01\/girare-europa-in-1-anno-dove-e-perche-marzo.jpeg 867w, https:\/\/www.eazycityblog.com\/wp-content\/uploads\/2018\/01\/girare-europa-in-1-anno-dove-e-perche-marzo-300x225.jpeg 300w, https:\/\/www.eazycityblog.com\/wp-content\/uploads\/2018\/01\/girare-europa-in-1-anno-dove-e-perche-marzo-768x576.jpeg 768w, https:\/\/www.eazycityblog.com\/wp-content\/uploads\/2018\/01\/girare-europa-in-1-anno-dove-e-perche-marzo-585x439.jpeg 585w\" sizes=\"auto, (max-width: 867px) 100vw, 867px\" \/><\/a><\/p>\n<h3><\/h3>\n<h3><b>#Aprile<\/b><\/h3>\n<p><b>Dove:<\/b><span style=\"font-weight: 400;\"> Amsterdam, Paesi Bassi<\/span><\/p>\n<p><b>Perch\u00e9:<\/b><span style=\"font-weight: 400;\"> Koningsdag<\/span><\/p>\n<p><b>Cosa:<\/b><span style=\"font-weight: 400;\"> Si festeggia il compleanno del Re e, per questo, all\u2019intero regno (pardon, nazione) \u00e8 consentito essere in ferie. Si scende in piazza con una qualunque cosa di colore arancione ed \u00e8 ufficialmente permesso bere per strada. Esilarante e colorato divertimento allo stato puro.<\/span><\/p>\n<p><b>Quando:<\/b><span style=\"font-weight: 400;\"> 27 aprile<\/span><\/p>\n<p><b>Quanto:<\/b><span style=\"font-weight: 400;\"> niente, se vagate per le strade<\/span><\/p>\n<p>&nbsp;<\/p>\n<h3><b>#Maggio<\/b><\/h3>\n<p><b>Dove:<\/b><span style=\"font-weight: 400;\"> Parigi, Francia<\/span><\/p>\n<p><b>Perch\u00e9:<\/b><span style=\"font-weight: 400;\"> Saint Germain de Pr\u00e9s Jazz Festival <\/span><\/p>\n<p><b>Cosa: <\/b><span style=\"font-weight: 400;\">La riunione del talento jazzistico mondiale, dai pi\u00f9 giovani ai pi\u00f9 famosi e accreditati. Il tutto viene condito da mostre, corsi e conferenze. Tappa fondamentale per gli amanti del jazz.<\/span><\/p>\n<p><b>Quando:<\/b><span style=\"font-weight: 400;\"> 24 maggio \u2013 4 giugno<\/span><\/p>\n<p><b>Quanto:<\/b><span style=\"font-weight: 400;\"> Dai 15 ai 30 euro circa, prezzi variabili <\/span><\/p>\n<p>&nbsp;<\/p>\n<p>&nbsp;<\/p>\n<h3><b>#Giugno<\/b><\/h3>\n<p><b>Dove:<\/b><span style=\"font-weight: 400;\"> Genzano di Roma, Italia<\/span><\/p>\n<p><b>Perch\u00e9: <\/b><span style=\"font-weight: 400;\">Infiorata di Genzano<\/span><\/p>\n<p><b>Cosa:<\/b><span style=\"font-weight: 400;\"> Non la solita Roma del Colosseo, ma una manifestazione colorata che si tiene ogni anno ai Castelli. \u00c8 possibile ammirare pi\u00f9 di 300.000 fiori disposti per 2000 mq, in modo da riprodurre immagini religiose. L\u2019Infiorata cade in coincidenza con il Corpus Domini.<\/span><\/p>\n<p><b>Quando:<\/b><span style=\"font-weight: 400;\"> 1-3 giugno<\/span><\/p>\n<p><b>Quanto:<\/b><span style=\"font-weight: 400;\"> nessun costo<\/span><\/p>\n<p>&nbsp;<\/p>\n<h3><b>#Luglio<\/b><\/h3>\n<p><b>Dove:<\/b><span style=\"font-weight: 400;\"> Ericeira, Portogallo<\/span><\/p>\n<p><b>Perch\u00e9:<\/b><span style=\"font-weight: 400;\"> Per la spiaggia, il surf e i surfisti<\/span><\/p>\n<p><b>Cosa:<\/b><span style=\"font-weight: 400;\"> Surf, surf e ancora surf, se non fosse chiaro. Ericeira \u00e8 meta amata e ambita dai surfisti di tutto il mondo. Dopo aver viaggiato da gennaio a giugno, \u00e8 giunto il momento di riposarsi un po\u2019. Se non surfate, potete comunque godervi la spiaggia.<\/span><\/p>\n<p><b>Quando:<\/b><span style=\"font-weight: 400;\"> ogni volta che passa l\u2019onda giusta<\/span><\/p>\n<p><b>Quanto:<\/b><span style=\"font-weight: 400;\"> da organizzare secondo il proprio budget<\/span><\/p>\n<div id=\"attachment_29774\" style=\"width: 1034px\" class=\"wp-caption alignnone\"><a href=\"http:\/\/eazycityblog.com\/wp-content\/uploads\/2018\/01\/girare-europa-in-1-anno-dove-e-perche-luglio_photo-credit_-Valentina-Brioschi.jpg\" data-rel=\"penci-gallery-image-content\" ><img loading=\"lazy\" decoding=\"async\" aria-describedby=\"caption-attachment-29774\" class=\"wp-image-29774 size-large\" src=\"http:\/\/eazycityblog.com\/wp-content\/uploads\/2018\/01\/girare-europa-in-1-anno-dove-e-perche-luglio_photo-credit_-Valentina-Brioschi-1024x575.jpg\" alt=\"ecco\" width=\"1024\" height=\"575\" srcset=\"https:\/\/www.eazycityblog.com\/wp-content\/uploads\/2018\/01\/girare-europa-in-1-anno-dove-e-perche-luglio_photo-credit_-Valentina-Brioschi-1024x575.jpg 1024w, https:\/\/www.eazycityblog.com\/wp-content\/uploads\/2018\/01\/girare-europa-in-1-anno-dove-e-perche-luglio_photo-credit_-Valentina-Brioschi-300x168.jpg 300w, https:\/\/www.eazycityblog.com\/wp-content\/uploads\/2018\/01\/girare-europa-in-1-anno-dove-e-perche-luglio_photo-credit_-Valentina-Brioschi-768x431.jpg 768w, https:\/\/www.eazycityblog.com\/wp-content\/uploads\/2018\/01\/girare-europa-in-1-anno-dove-e-perche-luglio_photo-credit_-Valentina-Brioschi-1170x657.jpg 1170w, https:\/\/www.eazycityblog.com\/wp-content\/uploads\/2018\/01\/girare-europa-in-1-anno-dove-e-perche-luglio_photo-credit_-Valentina-Brioschi-585x328.jpg 585w, https:\/\/www.eazycityblog.com\/wp-content\/uploads\/2018\/01\/girare-europa-in-1-anno-dove-e-perche-luglio_photo-credit_-Valentina-Brioschi.jpg 1600w\" sizes=\"auto, (max-width: 1024px) 100vw, 1024px\" \/><\/a><p id=\"caption-attachment-29774\" class=\"wp-caption-text\">Ph Credits: Valentina Brioschi<\/p><\/div>\n<p>&nbsp;<\/p>\n<h3><b>#Agosto<\/b><\/h3>\n<p><b>Dove:<\/b><span style=\"font-weight: 400;\"> Koprivnica, Croazia<\/span><\/p>\n<p><b>Perch\u00e9:<\/b><span style=\"font-weight: 400;\"> Renaissance Festival <\/span><\/p>\n<p><b>Cosa: <\/b><span style=\"font-weight: 400;\">Il pi\u00f9 grande festival sul Rinascimento organizzato nell\u2019Europa dell\u2019Est. Per qualche giorno si pu\u00f2 vivere l\u2019aria cinquecentesca, passando tra spettacoli, parate, musica, cibi e costumi. \u00c8 consentita una botta di era moderna con la presenza dei parcheggi per auto.<\/span><\/p>\n<p><b>Quando:<\/b><span style=\"font-weight: 400;\"> 23-26 agosto<\/span><\/p>\n<p><b>Quanto:<\/b><span style=\"font-weight: 400;\"> Secondo le vostre tasche<\/span><\/p>\n<p>&nbsp;<\/p>\n<h3><b>#Settembre<\/b><\/h3>\n<p><b>Dove:<\/b><span style=\"font-weight: 400;\"> Monaco di Baviera, Germania<\/span><\/p>\n<p><b>Perch\u00e9:<\/b><span style=\"font-weight: 400;\"> Oktoberfest <\/span><\/p>\n<p><b>Cosa:<\/b><span style=\"font-weight: 400;\"> Lo avreste mai detto? La \u201cfesta di ottobre\u201d in realt\u00e0 comincia a settembre. Imperdibile appuntamento a base di birra, per amanti del folclore e dei quadretti pittoreschi. Tocco di classe: i costumi tipici indossati dai locali per l\u2019occasione.<\/span><\/p>\n<p><b>Quando:<\/b><span style=\"font-weight: 400;\"> 22 settembre-7 ottobre<\/span><\/p>\n<p><b>Quanto:<\/b><span style=\"font-weight: 400;\"> Dipende, se solo ingressi o viaggio organizzato con tanto di campeggio<\/span><\/p>\n<p>&nbsp;<\/p>\n<p>&nbsp;<\/p>\n<h3><b>#Ottobre<\/b><\/h3>\n<p><b>Dove:<\/b><span style=\"font-weight: 400;\"> Budapest, Ungheria<\/span><\/p>\n<p><b>Perch\u00e9:<\/b><span style=\"font-weight: 400;\"> Cafe Budapest Contemporary Arts Festival <\/span><\/p>\n<p><b>Cosa:<\/b><span style=\"font-weight: 400;\"> \u00c8 la festa delle arti contemporanee pi\u00f9 importante della nazione. Alterna spettacoli di arte mista, dalla musica alla danza, dal circo al teatro, dai video al design. Due settimane di cibo per la mente.<\/span><\/p>\n<p><b>Quando:<\/b><span style=\"font-weight: 400;\"> 5-21 ottobre<\/span><\/p>\n<p><b>Quanto:<\/b><span style=\"font-weight: 400;\"> A seconda degli eventi<\/span><\/p>\n<p>&nbsp;<\/p>\n<h3><b>#Novembre<\/b><\/h3>\n<p><b>Dove:<\/b><span style=\"font-weight: 400;\"> Vienna, Austria<\/span><\/p>\n<p><b>Perch\u00e9:<\/b><span style=\"font-weight: 400;\"> per comprare i regali di Natale<\/span><\/p>\n<p><b>Cosa:<\/b><span style=\"font-weight: 400;\"> I veri, autentici, tipici mercatini di Natale. Sono ovunque, dal Castello alle zone pedonali. \u00c8 possibile acquistare decorazioni natalizie e oggetti d\u2019arte e artigianato locale, ceramiche e presepi, tutto con il tipico gusto austriaco. La passeggiata si gusta meglio se accompagnata da patate e wurstel comprati ai banchetti di strada. <\/span><\/p>\n<p><b>Quando: <\/b><span style=\"font-weight: 400;\">a partire da met\u00e0 novembre<\/span><\/p>\n<p><b>Quanto:<\/b><span style=\"font-weight: 400;\"> Q.b. per acquistare i regali<\/span><\/p>\n<h3>\u00a0<a href=\"http:\/\/eazycityblog.com\/wp-content\/uploads\/2018\/01\/girare-europa-in-1-anno-dove-e-perche-novembre.jpeg\" data-rel=\"penci-gallery-image-content\" ><img loading=\"lazy\" decoding=\"async\" class=\"alignnone size-full wp-image-29779\" src=\"http:\/\/eazycityblog.com\/wp-content\/uploads\/2018\/01\/girare-europa-in-1-anno-dove-e-perche-novembre.jpeg\" alt=\"\" width=\"940\" height=\"627\" srcset=\"https:\/\/www.eazycityblog.com\/wp-content\/uploads\/2018\/01\/girare-europa-in-1-anno-dove-e-perche-novembre.jpeg 940w, https:\/\/www.eazycityblog.com\/wp-content\/uploads\/2018\/01\/girare-europa-in-1-anno-dove-e-perche-novembre-300x200.jpeg 300w, https:\/\/www.eazycityblog.com\/wp-content\/uploads\/2018\/01\/girare-europa-in-1-anno-dove-e-perche-novembre-768x512.jpeg 768w, https:\/\/www.eazycityblog.com\/wp-content\/uploads\/2018\/01\/girare-europa-in-1-anno-dove-e-perche-novembre-585x390.jpeg 585w\" sizes=\"auto, (max-width: 940px) 100vw, 940px\" \/><\/a><\/h3>\n<h3><\/h3>\n<h3><b>#Dicembre<\/b><\/h3>\n<p><b>Dove:<\/b><span style=\"font-weight: 400;\"> Edimburgo, Scozia <\/span><\/p>\n<p><b>Perch\u00e9:<\/b><span style=\"font-weight: 400;\"> Hogmanay <\/span><\/p>\n<p><b>Cosa:<\/b><span style=\"font-weight: 400;\"> La festa di piazza pi\u00f9 caotica d\u2019Europa e una delle pi\u00f9 grandi a livello mondiale. Tempo fa era accessibile a chiunque, da qualche anno si paga un biglietto di ingresso. Grado di festeggiamento: 10\/10. Con tanto di merchandising.<\/span><\/p>\n<p><b>Quando: <\/b><span style=\"font-weight: 400;\">30-31 dicembre<\/span><\/p>\n<p><b>Quanto:<\/b><span style=\"font-weight: 400;\"> A partire da circa 25 sterline in su<\/span><\/p>\n<p>&nbsp;<\/p>\n<p>Buon viaggio! \ud83d\ude42<\/p>\n<p><a href=\"http:\/\/eazycityblog.com\/wp-content\/uploads\/2018\/01\/^D65E7484116120DDF6789139D5973E6363F4873CA70C0B5E8E^pimgpsh_fullsize_distr-1.jpg\" data-rel=\"penci-gallery-image-content\" ><img loading=\"lazy\" decoding=\"async\" class=\"alignnone size-full wp-image-29392\" src=\"http:\/\/eazycityblog.com\/wp-content\/uploads\/2018\/01\/^D65E7484116120DDF6789139D5973E6363F4873CA70C0B5E8E^pimgpsh_fullsize_distr-1.jpg\" alt=\"\" width=\"728\" height=\"90\" srcset=\"https:\/\/www.eazycityblog.com\/wp-content\/uploads\/2018\/01\/^D65E7484116120DDF6789139D5973E6363F4873CA70C0B5E8E^pimgpsh_fullsize_distr-1.jpg 728w, https:\/\/www.eazycityblog.com\/wp-content\/uploads\/2018\/01\/^D65E7484116120DDF6789139D5973E6363F4873CA70C0B5E8E^pimgpsh_fullsize_distr-1-300x37.jpg 300w, https:\/\/www.eazycityblog.com\/wp-content\/uploads\/2018\/01\/^D65E7484116120DDF6789139D5973E6363F4873CA70C0B5E8E^pimgpsh_fullsize_distr-1-585x72.jpg 585w\" sizes=\"auto, (max-width: 728px) 100vw, 728px\" \/><\/a><\/p>\n","protected":false},"excerpt":{"rendered":"<p>Gi\u00e0 pronte le vostre mete di viaggio per quest\u2019anno? Ecco 12 suggerimenti su dove andare e cosa fare, uno per ogni mese dell\u2019anno e per ogni gusto. Cercate il vostro&hellip;<\/p>\n","protected":false},"author":59,"featured_media":30526,"comment_status":"open","ping_status":"open","sticky":false,"template":"","format":"standard","meta":{"footnotes":""},"categories":[2461,2462],"tags":[2648,5426,6542,7638,9850,9853,9854,9852,5875,2662,2664,9851,2716],"yst_prominent_words":[4748,9845,9836,9839,10515,3909,7725,9846,3883,3895,9841,9837,9855,9840,3911,7223,9842,8065,9848,9844],"class_list":["post-29760","post","type-post","status-publish","format-standard","has-post-thumbnail","hentry","category-scoprire","category-viaggiare","tag-arte-it","tag-birra","tag-eventi","tag-feste","tag-festival","tag-fuochi-dartificio","tag-infiorata","tag-jazz","tag-mercatini","tag-musica-it","tag-notizie-ed-eventi","tag-surf","tag-vivere-allestero"],"_links":{"self":[{"href":"https:\/\/www.eazycityblog.com\/it\/wp-json\/wp\/v2\/posts\/29760","targetHints":{"allow":["GET"]}}],"collection":[{"href":"https:\/\/www.eazycityblog.com\/it\/wp-json\/wp\/v2\/posts"}],"about":[{"href":"https:\/\/www.eazycityblog.com\/it\/wp-json\/wp\/v2\/types\/post"}],"author":[{"embeddable":true,"href":"https:\/\/www.eazycityblog.com\/it\/wp-json\/wp\/v2\/users\/59"}],"replies":[{"embeddable":true,"href":"https:\/\/www.eazycityblog.com\/it\/wp-json\/wp\/v2\/comments?post=29760"}],"version-history":[{"count":12,"href":"https:\/\/www.eazycityblog.com\/it\/wp-json\/wp\/v2\/posts\/29760\/revisions"}],"predecessor-version":[{"id":30544,"href":"https:\/\/www.eazycityblog.com\/it\/wp-json\/wp\/v2\/posts\/29760\/revisions\/30544"}],"wp:featuredmedia":[{"embeddable":true,"href":"https:\/\/www.eazycityblog.com\/it\/wp-json\/wp\/v2\/media\/30526"}],"wp:attachment":[{"href":"https:\/\/www.eazycityblog.com\/it\/wp-json\/wp\/v2\/media?parent=29760"}],"wp:term":[{"taxonomy":"category","embeddable":true,"href":"https:\/\/www.eazycityblog.com\/it\/wp-json\/wp\/v2\/categories?post=29760"},{"taxonomy":"post_tag","embeddable":true,"href":"https:\/\/www.eazycityblog.com\/it\/wp-json\/wp\/v2\/tags?post=29760"},{"taxonomy":"yst_prominent_words","embeddable":true,"href":"https:\/\/www.eazycityblog.com\/it\/wp-json\/wp\/v2\/yst_prominent_words?post=29760"}],"curies":[{"name":"wp","href":"https:\/\/api.w.org\/{rel}","templated":true}]}}