{"id":35270,"date":"2019-01-23T15:24:06","date_gmt":"2019-01-23T15:24:06","guid":{"rendered":"http:\/\/eazycityblog.com\/?p=35270"},"modified":"2019-01-23T15:24:06","modified_gmt":"2019-01-23T15:24:06","slug":"5-evenements-culturels-a-voir-a-londres-en-ce-debut-dannee","status":"publish","type":"post","link":"https:\/\/www.eazycityblog.com\/fr\/5-evenements-culturels-a-voir-a-londres-en-ce-debut-dannee\/","title":{"rendered":"5 \u00e9v\u00e8nements culturels \u00e0 voir \u00e0 Londres\u00a0en ce d\u00e9but d\u2019ann\u00e9e!"},"content":{"rendered":"<h2>Pierre Bonnard\u00a0: The Colour of Memory, Tate Modern<\/h2>\n<h6>Du 23 janvier 2019 au 6 mai 2019<\/h6>\n<p>Il s\u2019agit de la\u00a0<a href=\"https:\/\/www.tate.org.uk\/whats-on\/tate-modern\/exhibition\/cc-land-exhibition-pierre-bonnard-colour-memory\">premi\u00e8re grande exposition de l\u2019\u0153uvre de Pierre Bonnard<\/a>\u00a0au Royaume-Uni depuis la tr\u00e8s appr\u00e9ci\u00e9e exposition il y a d\u00e9j\u00e0 <strong>20 ans \u00e0 la Tate Modern<\/strong>. Cela permettra aux nouvelles g\u00e9n\u00e9rations de d\u00e9couvrir l\u2019utilisation non conventionnelle de la couleur de cet fran\u00e7ais, tout en surprenant ceux qui pensent le conna\u00eetre d\u00e9j\u00e0.\u00a0N\u00e9 en 1867, Pierre Bonnard fut avec Henri Matisse l\u2019un des plus grands coloristes du d\u00e9but du 20\u00e8me si\u00e8cle.\u00a0L\u2019exposition se concentre <strong>sur son travail de 1912<\/strong>, date \u00e0 laquelle la couleur est devenue une pr\u00e9occupation dominante, jusqu\u2019\u00e0 sa mort en 1947 avec des toiles repr\u00e9sentants des paysages et sc\u00e8nes domestiques intimes.<\/p>\n<p>&nbsp;<\/p>\n<h2>Christian Dior: Designer of Dreams, V&amp;A<\/h2>\n<h6>Du 2 f\u00e9vrier 2019 au 14 juillet 2019<br \/>\nEn f\u00e9vrier 2019, le V&amp;A ouvrira ses portes \u00e0 la plus grande et la plus vaste exposition jamais organis\u00e9e au Royaume-Uni sur la Maison Dior.<\/h6>\n<p>De 1947 \u00e0 nos jours, l\u2019exposition retracera l\u2019histoire de Dior lui-m\u00eame &#8211; l\u2019un des couturiers les <strong>plus influents du 20\u00e8me si\u00e8cle<\/strong> &#8211; et des six directeurs artistiques qui lui ont succ\u00e9d\u00e9, pour explorer l\u2019influence durable de la maison de couture.<\/p>\n<p>L\u2019exposition <strong>pr\u00e9sentera 500 objets<\/strong>, dont plus de 200 v\u00eatements de couture rares, ainsi que des accessoires, des photographies de mode, des films, des parfums, du maquillage, des illustrations, des magazines et <strong>les biens personnels de Christian Dior.<\/strong> Sur la base de l&rsquo;exposition majeure Christian Dior: Couturier du r\u00eave, organis\u00e9e par le <strong>Mus\u00e9e des Arts D\u00e9coratifs de Paris<\/strong>, l&rsquo;exposition sera r\u00e9invent\u00e9e pour le V&amp;A. Une toute nouvelle section explorera pour la premi\u00e8re fois la fascination du concepteur pour la culture britannique.<\/p>\n<p>&nbsp;<\/p>\n<h2>Van Gogh exhibition, Tate Britain<\/h2>\n<h6>Du 27 mars 2019 au 11 aout 2019<\/h6>\n<p><a href=\"http:\/\/eazycityblog.com\/wp-content\/uploads\/2019\/01\/van-gogh-698329__340.jpg\" data-rel=\"penci-gallery-image-content\" ><img loading=\"lazy\" decoding=\"async\" class=\"alignnone size-medium wp-image-35261\" src=\"http:\/\/eazycityblog.com\/wp-content\/uploads\/2019\/01\/van-gogh-698329__340-300x233.jpg\" alt=\"\" width=\"300\" height=\"233\" srcset=\"https:\/\/www.eazycityblog.com\/wp-content\/uploads\/2019\/01\/van-gogh-698329__340-300x233.jpg 300w, https:\/\/www.eazycityblog.com\/wp-content\/uploads\/2019\/01\/van-gogh-698329__340.jpg 438w\" sizes=\"auto, (max-width: 300px) 100vw, 300px\" \/><\/a><\/p>\n<p>Le maitre des tournesols obtient <strong>sa premi\u00e8re r\u00e9trospective sur le Royaume<\/strong>-Uni \u00e0 la Tate Britain en plus de 70 ans. R\u00e9unissant le plus grand groupe de peintures de Van Gogh pr\u00e9sent\u00e9es au Royaume-Uni depuis pr\u00e8s de dix ans, Van Gogh et la Grande-Bretagne d\u00e9voileront comment<strong> l&rsquo;artiste s&rsquo;est inspir\u00e9 de l&rsquo;art<\/strong>, de la litt\u00e9rature et de la culture britanniques tout au long de sa carri\u00e8re et a inspir\u00e9 \u00e0 son tour des artistes britanniques, de Walter Sickert \u00e0 Francis Bacon.<\/p>\n<p>&nbsp;<\/p>\n<h2>Winter Lights, Canary Wharf<\/h2>\n<h6>Du 15 janvier 2019 au 26 janvier 2019<\/h6>\n<p>Winter Lights est de retour pour la cinqui\u00e8me ann\u00e9e et r\u00e9unit quelques-uns des <strong>artistes internationaux les plus imaginatifs<\/strong> et les plus passionnants travaillant avec l&rsquo;art de la lumi\u00e8re. Le festival s\u2019appuie sur une technologie de lumi\u00e8re ultramoderne pour proposer des \u0153uvres spectaculaires, des installations et des exp\u00e9riences &#8211; pour la plupart interactives ou r\u00e9actives &#8211; et continue de cro\u00eetre chaque ann\u00e9e avec des installations plus grandes et plus lumineuses.<\/p>\n<p>&nbsp;<\/p>\n<h2>Edward Munch, British Museum<\/h2>\n<h6>Du 11 avril 2019 au 21 juillet 2019<\/h6>\n<p><a href=\"http:\/\/eazycityblog.com\/wp-content\/uploads\/2019\/01\/watercolour-2173846__340.jpg\" data-rel=\"penci-gallery-image-content\" ><img loading=\"lazy\" decoding=\"async\" class=\"alignnone size-medium wp-image-35265\" src=\"http:\/\/eazycityblog.com\/wp-content\/uploads\/2019\/01\/watercolour-2173846__340-235x300.jpg\" alt=\"\" width=\"235\" height=\"300\" srcset=\"https:\/\/www.eazycityblog.com\/wp-content\/uploads\/2019\/01\/watercolour-2173846__340-235x300.jpg 235w, https:\/\/www.eazycityblog.com\/wp-content\/uploads\/2019\/01\/watercolour-2173846__340.jpg 266w\" sizes=\"auto, (max-width: 235px) 100vw, 235px\" \/><\/a><\/p>\n<p>Le cr\u00e9ateur du visage le plus obs\u00e9dant et embl\u00e9matique de l&rsquo;art est \u00e0<strong> l\u2019honneur au British Museum<\/strong>. Mais qui \u00e9tait Edvard Munch? D\u00e9couvrez cet artiste pionnier subversif grace a cette exposition qui l\u00e8ve le voile sur sa vie. Le Cri parle de lui-m\u00eame. Devenu un symbole universel de l\u2019anxi\u00e9t\u00e9 humaine, c\u2019est une r\u00e9ponse profond\u00e9ment personnelle \u00e0 l\u2019\u00e9ducation et aux exp\u00e9riences de Munch en tant que jeune artiste. Munch a rejet\u00e9 son \u00e9ducation stricte luth\u00e9rienne pour poursuivre un style de vie non conventionnel. <strong>Il a voyag\u00e9 \u00e0 travers l&rsquo;Europe,<\/strong> s&rsquo;inspirant des cercles boh\u00e9miens et de ses passionn\u00e9s. Les travaux de Munch articulent ses exp\u00e9riences de vie dans une Europe en rapide mutation, qui sera bris\u00e9e par le premier conflit industrialis\u00e9 mondial. Dans cette exposition collaborative avec le mus\u00e9e Munch \u00e0 Oslo, d\u00e9couvrez comment il a ma\u00eetris\u00e9 l\u2019art de la gravure et d\u2019autres techniques novatrices faisant de lui l\u2019un des premiers artistes v\u00e9ritablement modernes.<\/p>\n<p>&nbsp;<\/p>\n<p>A bient\u00f4t,<\/p>\n<p><a href=\"http:\/\/www.eazycity.com\/\"><img loading=\"lazy\" decoding=\"async\" class=\"aligncenter wp-image-32775 size-full\" src=\"http:\/\/eazycityblog.com\/wp-content\/uploads\/2018\/07\/French-Banner-EZ-blog.jpg\" alt=\"\" width=\"3034\" height=\"375\" srcset=\"https:\/\/www.eazycityblog.com\/wp-content\/uploads\/2018\/07\/French-Banner-EZ-blog.jpg 3034w, https:\/\/www.eazycityblog.com\/wp-content\/uploads\/2018\/07\/French-Banner-EZ-blog-300x37.jpg 300w, https:\/\/www.eazycityblog.com\/wp-content\/uploads\/2018\/07\/French-Banner-EZ-blog-768x95.jpg 768w, https:\/\/www.eazycityblog.com\/wp-content\/uploads\/2018\/07\/French-Banner-EZ-blog-1024x127.jpg 1024w, https:\/\/www.eazycityblog.com\/wp-content\/uploads\/2018\/07\/French-Banner-EZ-blog-1170x145.jpg 1170w, https:\/\/www.eazycityblog.com\/wp-content\/uploads\/2018\/07\/French-Banner-EZ-blog-585x72.jpg 585w\" sizes=\"auto, (max-width: 3034px) 100vw, 3034px\" \/><\/a><\/p>\n","protected":false},"excerpt":{"rendered":"<p>Pierre Bonnard\u00a0: The Colour of Memory, Tate Modern Du 23 janvier 2019 au 6 mai 2019 Il s\u2019agit de la\u00a0premi\u00e8re grande exposition de l\u2019\u0153uvre de Pierre Bonnard\u00a0au Royaume-Uni depuis la&hellip;<\/p>\n","protected":false},"author":94,"featured_media":35397,"comment_status":"open","ping_status":"open","sticky":false,"template":"","format":"standard","meta":{"footnotes":""},"categories":[2440],"tags":[14186,15720,15723,15718,15717,2684,15725,15722,15726,15724,15721,15719],"yst_prominent_words":[15564,8513,15567,15571,15566,15573,3835,8517,15568,7860,15570,15565,15575,15563,15572,3914,12448,15569,11074,15574],"class_list":["post-35270","post","type-post","status-publish","format-standard","has-post-thumbnail","hentry","category-experiences-fr","tag-british-museum","tag-canary-wharf","tag-christian-dior-designer-of-dreams","tag-edward-munch","tag-evenements-culturels","tag-londres-fr","tag-pierre-bonnard-the-colour-of-memory","tag-tate-britain","tag-tate-modern","tag-va","tag-van-gogh-exhibition","tag-winter-lights"],"_links":{"self":[{"href":"https:\/\/www.eazycityblog.com\/fr\/wp-json\/wp\/v2\/posts\/35270","targetHints":{"allow":["GET"]}}],"collection":[{"href":"https:\/\/www.eazycityblog.com\/fr\/wp-json\/wp\/v2\/posts"}],"about":[{"href":"https:\/\/www.eazycityblog.com\/fr\/wp-json\/wp\/v2\/types\/post"}],"author":[{"embeddable":true,"href":"https:\/\/www.eazycityblog.com\/fr\/wp-json\/wp\/v2\/users\/94"}],"replies":[{"embeddable":true,"href":"https:\/\/www.eazycityblog.com\/fr\/wp-json\/wp\/v2\/comments?post=35270"}],"version-history":[{"count":5,"href":"https:\/\/www.eazycityblog.com\/fr\/wp-json\/wp\/v2\/posts\/35270\/revisions"}],"predecessor-version":[{"id":35401,"href":"https:\/\/www.eazycityblog.com\/fr\/wp-json\/wp\/v2\/posts\/35270\/revisions\/35401"}],"wp:featuredmedia":[{"embeddable":true,"href":"https:\/\/www.eazycityblog.com\/fr\/wp-json\/wp\/v2\/media\/35397"}],"wp:attachment":[{"href":"https:\/\/www.eazycityblog.com\/fr\/wp-json\/wp\/v2\/media?parent=35270"}],"wp:term":[{"taxonomy":"category","embeddable":true,"href":"https:\/\/www.eazycityblog.com\/fr\/wp-json\/wp\/v2\/categories?post=35270"},{"taxonomy":"post_tag","embeddable":true,"href":"https:\/\/www.eazycityblog.com\/fr\/wp-json\/wp\/v2\/tags?post=35270"},{"taxonomy":"yst_prominent_words","embeddable":true,"href":"https:\/\/www.eazycityblog.com\/fr\/wp-json\/wp\/v2\/yst_prominent_words?post=35270"}],"curies":[{"name":"wp","href":"https:\/\/api.w.org\/{rel}","templated":true}]}}