{"id":31218,"date":"2018-04-04T09:28:23","date_gmt":"2018-04-04T09:28:23","guid":{"rendered":"http:\/\/eazycityblog.com\/?p=31218"},"modified":"2018-04-04T09:28:23","modified_gmt":"2018-04-04T09:28:23","slug":"je-suis-partie-grace-a-erasmus","status":"publish","type":"post","link":"https:\/\/www.eazycityblog.com\/fr\/je-suis-partie-grace-a-erasmus\/","title":{"rendered":"Je suis partie gr\u00e2ce a Erasmus + !"},"content":{"rendered":"<p>Ag\u00e9e de 24 ans, Sandra a quitt\u00e9 Paris et est arriv\u00e9e le 8 janvier 2018 \u00e0 <strong>Cork<\/strong>\u00a0(Irlande) pour r\u00e9aliser un<strong> stage<\/strong> dans le cadre du programme <a href=\"https:\/\/ec.europa.eu\/programmes\/erasmus-plus\/node_en\"><strong>Erasmus+<\/strong><\/a>. Depuis 3 mois, elle est membre de l\u2019\u00e9quipe de la Welcome Team de l\u2019entreprise EazyCity.<\/p>\n<p>D\u00e9couvrez son parcours pour pouvoir r\u00e9aliser l\u2019une de ses meilleures exp\u00e9riences \u00e0 ce jour, sans pour autant \u00eatre encore en \u00e9tude\u00a0!<\/p>\n<p><strong><u>Quel est ton parcours professionnel ? <\/u><\/strong><\/p>\n<p>J\u2019ai obtenu mon bac STG en sp\u00e9cialit\u00e9 Marketing en 2011.<\/p>\n<p>Suite \u00e0 cela, j\u2019ai voulu faire un BTS Tourisme mais je n\u2019ai pas fait mes v\u0153ux \u00e0 temps donc j\u2019ai commenc\u00e9 mes \u00e9tudes avec une ann\u00e9e en LEA (Langues Etrang\u00e8res Appliqu\u00e9es) option anglais et italien.<\/p>\n<p>L\u2019ann\u00e9e suivante, j\u2019ai chang\u00e9 de fili\u00e8re et j\u2019ai fait mes 2 ans de <strong>BTS Tourisme<\/strong>.<\/p>\n<p>&nbsp;<\/p>\n<p><strong><u>Pourquoi as-tu choisi de venir faire un stage \u00e0 l\u2019\u00e9tranger ? <\/u><\/strong><\/p>\n<p><strong>J\u2019ai toujours aim\u00e9 l\u2019anglais<\/strong> et l\u2019espagnol ainsi que d\u00e9couvrir des cultures \u00e9trang\u00e8res et voyager.<\/p>\n<p>J\u2019ai travaill\u00e9 2 ans et demi dans l\u2019administration sociale mais <strong>mon go\u00fbt pour le tourisme<\/strong> est rest\u00e9 en moi. Je me suis donc redirig\u00e9e vers ce secteur pour avoir de nouvelles exp\u00e9riences, d\u00e9velopper mon savoir-faire tout en d\u00e9couvrant une nouvelle culture.<\/p>\n<p>&nbsp;<\/p>\n<p><strong><u>Avec quel programme es-tu partie en Irlande ?<\/u><\/strong><\/p>\n<p>Je savais que la <strong>Mission Locale<\/strong> disposait d\u2019un <strong>dispositif Erasmus+ en dehors du cursus scolaire<\/strong>. Ma conseill\u00e8re m\u2019en avait d\u00e9j\u00e0 parl\u00e9 en 2015 suite \u00e0 mes demandes.<br \/>\nJ\u2019ai pass\u00e9 les entretiens pour partir en Angleterre mais je n\u2019ai malheureusement pas pu poursuivre le dispositif.<\/p>\n<p><strong>Finalement, en Septembre dernier, j\u2019ai retent\u00e9 ma chance et j\u2019ai \u00e9t\u00e9 accept\u00e9e\u00a0!<\/strong><\/p>\n<p><img loading=\"lazy\" decoding=\"async\" class=\"aligncenter wp-image-31225 size-medium\" src=\"http:\/\/eazycityblog.com\/wp-content\/uploads\/2018\/04\/erasmuslogo-300x86.jpg\" alt=\"\" width=\"300\" height=\"86\" srcset=\"https:\/\/www.eazycityblog.com\/wp-content\/uploads\/2018\/04\/erasmuslogo-300x86.jpg 300w, https:\/\/www.eazycityblog.com\/wp-content\/uploads\/2018\/04\/erasmuslogo-585x167.jpg 585w, https:\/\/www.eazycityblog.com\/wp-content\/uploads\/2018\/04\/erasmuslogo.jpg 600w\" sizes=\"auto, (max-width: 300px) 100vw, 300px\" \/><\/p>\n<p>&nbsp;<\/p>\n<p><strong><u>Quelles sont les modalit\u00e9s pour faire appel \u00e0 ce programme ?<\/u><\/strong><\/p>\n<ul>\n<li>\u00catre \u00e2g\u00e9e entre 18 et 25 ans<\/li>\n<li>De Bac \u00e0 Bac + 3<\/li>\n<li>Avoir un budget d\u2019au moins 1500\u20ac pour les 3 mois (nourritures et d\u00e9penses perso)<\/li>\n<li>R\u00e9sider dans le Val de Marne (pour mon cas)<\/li>\n<\/ul>\n<p>&nbsp;<\/p>\n<p><strong><u>Comment s\u2019est d\u00e9roul\u00e9 le fonctionnement du programme ? <\/u><\/strong><\/p>\n<p>Je suis d\u2019abord pass\u00e9e par ma conseill\u00e8re de la Mission Locale et elle m\u2019a mis en relation avec la personne en charge du dispositif Erasmus+.<\/p>\n<p>J\u2019ai eu un <strong>entretien<\/strong> avec cette personne, ensuite j\u2019ai particip\u00e9 \u00e0 un<strong> atelier avec d\u2019autres jeunes<\/strong> \u00e9galement int\u00e9ress\u00e9s. Nous avions fait les d\u00e9marches (Cv, lettre de motivation, r\u00e9union d\u2019information\u2026) et 2 semaines apr\u00e8s, j\u2019ai \u00e9t\u00e9 contact\u00e9e par la Mission locale pour me dire que <strong>j\u2019\u00e9tais accept\u00e9e<\/strong>.<\/p>\n<p>Ensuite, nous avons d\u00e9but\u00e9 les pr\u00e9paratifs en 2 groupes avec <strong>6 semaines de cours d\u2019anglais \u00e0 l\u2019Infa<\/strong> pour certains et 3 semaines \u00e0 la Mission locale pour d\u2019autres.<\/p>\n<p>&nbsp;<\/p>\n<p><strong><u>Comment se d\u00e9roule ton stage ?<\/u><\/strong><\/p>\n<p>Tr\u00e8s bien\u00a0! <strong>Je suis chez Eazycity dans une belle \u00e9quipe.<\/strong><\/p>\n<p>J\u2019accueille les clients dans l\u2019agence, je fais les check in dans les h\u00e9bergements, j\u2019accompagne nos clients entre l&rsquo;a\u00e9roport et les maisons lou\u00e9es par Eazycity Cork. Je suis \u00e9galement en charge des r\u00e9servations de chambre en collocation, des paiements de loyer, du service client\u00e8le et des urgences clients.<\/p>\n<p>Sur mon chemin, j\u2019ai rencontr\u00e9 des \u00e9tudiants fran\u00e7ais, italiens et des stagiaires Erasmus+ comme moi. <strong>C\u2019est un vrai plaisir d\u2019avoir toutes ces rencontres.<\/strong><\/p>\n<p>&nbsp;<\/p>\n<p><strong><u>Cela fait maintenant 3 mois que tu es en Irlande, que retires-tu de cette exp\u00e9rience ?<\/u><\/strong><\/p>\n<p>J\u2019ai appris \u00e0 vivre en coloc, j\u2019ai <strong>pratiqu\u00e9 l\u2019anglais<\/strong> au quotidien. J\u2019ai am\u00e9lior\u00e9 un peu mon espagnol aussi gr\u00e2ce aux \u00e9changes multiculturels.<\/p>\n<p>J\u2019ai fait de <strong>belles rencontres<\/strong> et \u00a0j\u2019ai partag\u00e9 mon exp\u00e9rience avec d\u2019autres jeunes venant du <strong>monde entier<\/strong> !<\/p>\n<p>&nbsp;<\/p>\n<p><strong><u>As-tu des conseils \u00e0 donner aux jeunes souhaitant partir \u00e0 l\u2019\u00e9tranger ?<\/u><\/strong><\/p>\n<p>Mon conseil est de <strong>ne pas avoir peur<\/strong> et de se lancer car il y a <strong>plein d\u2019atouts<\/strong>. On d\u00e9couvre d\u2019autres coutumes, on apprend au quotidien. Certes il y a des moments plus durs mais on fait de belles rencontres et c\u2019est une<strong> exp\u00e9rience inoubliable<\/strong>\u00a0!<\/p>\n<p>Je n\u2019oublierai pas mes 3 mois de stage \u00e0 Cork\u00a0!<\/p>\n<p>&nbsp;<\/p>\n","protected":false},"excerpt":{"rendered":"<p>Ag\u00e9e de 24 ans, Sandra a quitt\u00e9 Paris et est arriv\u00e9e le 8 janvier 2018 \u00e0 Cork\u00a0(Irlande) pour r\u00e9aliser un stage dans le cadre du programme Erasmus+. Depuis 3 mois,&hellip;<\/p>\n","protected":false},"author":1,"featured_media":31220,"comment_status":"open","ping_status":"open","sticky":false,"template":"","format":"standard","meta":{"footnotes":""},"categories":[2440,2464,1],"tags":[2672,2790,3044,2956,2699,2683,11170,2681,11171],"yst_prominent_words":[11168,11163,11159,11160,11155,3922,7860,11169,11161,11156,11153,9891,9484,11167,11154,11157,11165,11166,11162,7879],"class_list":["post-31218","post","type-post","status-publish","format-standard","has-post-thumbnail","hentry","category-experiences-fr","category-travailler","category-uncategorized","tag-cork-fr","tag-erasmus","tag-erasmus-experience-fr","tag-experience-abroad-fr","tag-interview-fr","tag-irlande","tag-programme-erasmus","tag-stages","tag-stage-erasmus"],"_links":{"self":[{"href":"https:\/\/www.eazycityblog.com\/fr\/wp-json\/wp\/v2\/posts\/31218","targetHints":{"allow":["GET"]}}],"collection":[{"href":"https:\/\/www.eazycityblog.com\/fr\/wp-json\/wp\/v2\/posts"}],"about":[{"href":"https:\/\/www.eazycityblog.com\/fr\/wp-json\/wp\/v2\/types\/post"}],"author":[{"embeddable":true,"href":"https:\/\/www.eazycityblog.com\/fr\/wp-json\/wp\/v2\/users\/1"}],"replies":[{"embeddable":true,"href":"https:\/\/www.eazycityblog.com\/fr\/wp-json\/wp\/v2\/comments?post=31218"}],"version-history":[{"count":5,"href":"https:\/\/www.eazycityblog.com\/fr\/wp-json\/wp\/v2\/posts\/31218\/revisions"}],"predecessor-version":[{"id":31231,"href":"https:\/\/www.eazycityblog.com\/fr\/wp-json\/wp\/v2\/posts\/31218\/revisions\/31231"}],"wp:featuredmedia":[{"embeddable":true,"href":"https:\/\/www.eazycityblog.com\/fr\/wp-json\/wp\/v2\/media\/31220"}],"wp:attachment":[{"href":"https:\/\/www.eazycityblog.com\/fr\/wp-json\/wp\/v2\/media?parent=31218"}],"wp:term":[{"taxonomy":"category","embeddable":true,"href":"https:\/\/www.eazycityblog.com\/fr\/wp-json\/wp\/v2\/categories?post=31218"},{"taxonomy":"post_tag","embeddable":true,"href":"https:\/\/www.eazycityblog.com\/fr\/wp-json\/wp\/v2\/tags?post=31218"},{"taxonomy":"yst_prominent_words","embeddable":true,"href":"https:\/\/www.eazycityblog.com\/fr\/wp-json\/wp\/v2\/yst_prominent_words?post=31218"}],"curies":[{"name":"wp","href":"https:\/\/api.w.org\/{rel}","templated":true}]}}